{"id":933,"date":"2024-06-10T19:08:09","date_gmt":"2024-06-10T23:08:09","guid":{"rendered":"https:\/\/abogadostovarmedina.com\/?p=933"},"modified":"2024-06-11T19:09:39","modified_gmt":"2024-06-11T23:09:39","slug":"como-queda-la-ley-del-seguro-social-de-1997-con-la-entrada-envigencia-de-la-ley-de-proteccion-de-pensiones-de-seguridad-social-2024","status":"publish","type":"post","link":"https:\/\/abogadostovarmedina.com\/index.php\/2024\/06\/10\/como-queda-la-ley-del-seguro-social-de-1997-con-la-entrada-envigencia-de-la-ley-de-proteccion-de-pensiones-de-seguridad-social-2024\/","title":{"rendered":"C\u00d3MO QUEDA LA LEY DEL SEGURO SOCIAL DE 1997 CON LA ENTRADA ENVIGENCIA DE LA LEY DE PROTECCI\u00d3N DE PENSIONES DE SEGURIDAD SOCIAL 2024?"},"content":{"rendered":"\n<p>El constituyente de 1999 consagra con rango constitucional el derecho a la<br>protecci\u00f3n del anciano y anciana en cuando a la seguridad social, integridad f\u00edsica<br>y salud tal como se desprende de los art\u00edculos 80 y 86 de la Carta Pol\u00edtica.<br>Es as\u00ed, el deber insoslayable del Estado para proteger a las personas de la<br>tercera edad, ofreciendo pol\u00edticas p\u00fablicas econ\u00f3micas que permitan garantizar su<br>vejez hasta que fallezcan; sin embargo, desde el a\u00f1o 2018 y siguiente con el<br>Estado de Excepci\u00f3n de Emergencia Econ\u00f3mica del Ejecutivo Nacional vigente<br>para los actuales momentos la situaci\u00f3n de los adultos mayores es precaria ya<br>que cuentan con una pensi\u00f3n de vejez como seguridad social que es irrisoria<br>quedando titulados para su bienestar a cargo de sus hijos, a pesar que la ley del<br>Seguro Social de 1997 se\u00f1ala que en el caso de las damas son consideradas<br>como adulta mayor cumplidos los 55 a\u00f1os y en el caso de los caballeros es a la<br>edad de 60 a\u00f1os, adem\u00e1s de eso, el Seguro social en caso de discapacidad o<br>incapacidad podr\u00e1 otorgar 50 % m\u00e1s de lo estipulado de pensi\u00f3n de vejez para<br>esa persona, siempre y cuando, se demuestra la discapacidad e incapacidad.<br>Siguiendo con los beneficios la pensi\u00f3n del seguro social es una garant\u00eda social<br>por vejez, una vez cumplido con las cotizaciones exigidas por la ley.<br>Ahora bien, con la entrada en vigencia de la Ley de Protecci\u00f3n de<br>Pensiones de Seguridad Social publicada en gaceta oficial recientemente en el<br>mes de mayo del 2024, donde se le exige solo al sector privado una contribuci\u00f3n<br>mensual que va desde una escala desde 1% hasta el 15% que ser\u00e1 cancelado a<br>la administraci\u00f3n Tributaria (Seniat) al fondo de pensiones creado por esa<br>instituci\u00f3n y que el mismo ser\u00e1 un deducible dentro de la estructura de costos y<br>gastos de la empresa para ser declarado como gasto en el impuesto nacional de<br>la renta dentro de los tres (3) primeros meses del a\u00f1o para declarar el ejercicio<br>anual fiscal de la empresa. Asimismo, la mencionada ley se\u00f1ala que las empresas<br>de hecho y derecho tendr\u00e1n que cancelar la contribuci\u00f3n mensual al fondo de<br>pensiones, generando una serie de incertidumbres, ya que existen hoy por hoy los<br>peque\u00f1os comerciantes ambulantes y los emprendedores, situaci\u00f3n est\u00e1, que fue<br>aclarada mediante decreto por parte del Ejecutivo Nacional que manifest\u00f3 quedan<br>excluidas los emprendedores por un (1) a\u00f1o y estableci\u00f3 que la escala m\u00e1xima es<br>de 9 %, significa que si usted tiene 7 trabajadores con salario m\u00ednimo, a la<br>empresa corresponde pagar el m\u00e1ximo que 9% que equivale a 100 d\u00f3lares<br>mensual para el fondo de pensiones del Seniat, lo que no quedo claro, cu\u00e1l ser\u00eda<br>el destino de ese fondo de pensiones finalmente llegar\u00eda a las personas de la<br>tercera edad?, siendo esta una de las interrogantes que socialmente ha generado<br>m\u00e1s incertidumbre dentro de la poblaci\u00f3n venezolana.<\/p>\n\n\n\n<p>Por otra parte, la seguridad social corresponde al Estado y no a los<br>empresarios, sin embargo, la recomendaci\u00f3n es honrar el compromiso para evitar<br>las multas cuantiosas que est\u00e1n en Ley de Protecci\u00f3n de Pensiones de Seguridad<br>Social por incumplimiento del pago de esta contribuci\u00f3n incluso otro tipo de<br>responsabilidad administrativa o de tipo penal.<br>Abg. Vestalia Rafaela Tovar Medina.<\/p>\n","protected":false},"excerpt":{"rendered":"<p>El constituyente de 1999 consagra con rango constitucional el derecho a laprotecci\u00f3n del anciano y anciana en cuando a la seguridad social, integridad f\u00edsicay salud tal como se desprende de los art\u00edculos 80 y 86 de la Carta Pol\u00edtica.Es as\u00ed, el deber insoslayable del Estado para proteger a las personas de latercera edad, ofreciendo pol\u00edticas [&hellip;]<\/p>\n","protected":false},"author":3,"featured_media":934,"comment_status":"open","ping_status":"closed","sticky":false,"template":"","format":"standard","meta":{"saved_in_kubio":false,"om_disable_all_campaigns":false,"_monsterinsights_skip_tracking":false,"_monsterinsights_sitenote_active":false,"_monsterinsights_sitenote_note":"","_monsterinsights_sitenote_category":0,"footnotes":""},"categories":[33],"tags":[15,36,72,73,8,7],"class_list":["post-933","post","type-post","status-publish","format-standard","has-post-thumbnail","hentry","category-blog-juridico","tag-abogados","tag-defensa-privada","tag-la-ley-del-seguro-social","tag-ley-de-proteccion-de-pensiones-de-seguridad-social-2024","tag-leyes","tag-venezuela"],"_links":{"self":[{"href":"https:\/\/abogadostovarmedina.com\/index.php\/wp-json\/wp\/v2\/posts\/933","targetHints":{"allow":["GET"]}}],"collection":[{"href":"https:\/\/abogadostovarmedina.com\/index.php\/wp-json\/wp\/v2\/posts"}],"about":[{"href":"https:\/\/abogadostovarmedina.com\/index.php\/wp-json\/wp\/v2\/types\/post"}],"author":[{"embeddable":true,"href":"https:\/\/abogadostovarmedina.com\/index.php\/wp-json\/wp\/v2\/users\/3"}],"replies":[{"embeddable":true,"href":"https:\/\/abogadostovarmedina.com\/index.php\/wp-json\/wp\/v2\/comments?post=933"}],"version-history":[{"count":1,"href":"https:\/\/abogadostovarmedina.com\/index.php\/wp-json\/wp\/v2\/posts\/933\/revisions"}],"predecessor-version":[{"id":935,"href":"https:\/\/abogadostovarmedina.com\/index.php\/wp-json\/wp\/v2\/posts\/933\/revisions\/935"}],"wp:featuredmedia":[{"embeddable":true,"href":"https:\/\/abogadostovarmedina.com\/index.php\/wp-json\/wp\/v2\/media\/934"}],"wp:attachment":[{"href":"https:\/\/abogadostovarmedina.com\/index.php\/wp-json\/wp\/v2\/media?parent=933"}],"wp:term":[{"taxonomy":"category","embeddable":true,"href":"https:\/\/abogadostovarmedina.com\/index.php\/wp-json\/wp\/v2\/categories?post=933"},{"taxonomy":"post_tag","embeddable":true,"href":"https:\/\/abogadostovarmedina.com\/index.php\/wp-json\/wp\/v2\/tags?post=933"}],"curies":[{"name":"wp","href":"https:\/\/api.w.org\/{rel}","templated":true}]}}