{"id":909,"date":"2024-04-09T20:40:56","date_gmt":"2024-04-10T00:40:56","guid":{"rendered":"https:\/\/abogadostovarmedina.com\/?p=909"},"modified":"2024-04-09T20:45:55","modified_gmt":"2024-04-10T00:45:55","slug":"jurisprudencia-nro-000766","status":"publish","type":"post","link":"https:\/\/abogadostovarmedina.com\/index.php\/2024\/04\/09\/jurisprudencia-nro-000766\/","title":{"rendered":"JURISPRUDENCIA NRO: 000766"},"content":{"rendered":"\n<p><strong>TSJ VZLA<br>SALA DE CASACI\u00d3N CIVIL<br>JURISPRUDENCIA NRO: 000766<br>Exp n\u00ba 2022-000044<br>Fecha: 12\/12\/22<\/strong><\/p>\n\n\n\n<p><br><strong>Magistrada Ponente: CARMEN ENEIDA ALVES NAVAS<\/strong><br>En el juicio por desalojo y da\u00f1os materiales causados, incoado ante el Juzgado Primero<br>de Primera Instancia en lo Civil, Mercantil y del Tr\u00e1nsito del Segundo Circuito de la<br>Circunscripci\u00f3n Judicial del estado Portuguesa.<br>Comentario: <strong>INEPTA ACUMULACI\u00d3N DE PRETENSIONES EN MATERIA<\/strong><br>ARRENDATICIA. De esta manera, siendo que la demanda de desalojo, en raz\u00f3n de su<br>especialidad no admite la acumulaci\u00f3n de la pretensi\u00f3n de da\u00f1os y perjuicios, as\u00ed como<br>que dichas acciones tienen procedimientos dis\u00edmiles por un lado el procedimiento oral y<br>por el otro el procedimiento ordinario previstos en el C\u00f3digo de Procedimiento Civil, se<br>observa que los jueces ten\u00edan la obligaci\u00f3n de verificar dicha situaci\u00f3n y declarar la inepta<br>acumulaci\u00f3n de pretensiones previstas en el art\u00edculo 78 del C\u00f3digo de Procedimiento<br>Civil, lo cual fue omitido; en este sentido, ya que ninguno de los jueces de instancia<br>verificaron el cumplimiento de los presupuestos procesales necesarios para la<br>instauraci\u00f3n y prosecuci\u00f3n del juicio, la Sala considera que la presente demanda deb\u00eda<br>ser declarada inadmisible. As\u00ed se decide\u201d. (Sentencia RC-000314 del mes de diciembre de<br>2020).<\/p>\n","protected":false},"excerpt":{"rendered":"<p>TSJ VZLASALA DE CASACI\u00d3N CIVILJURISPRUDENCIA NRO: 000766Exp n\u00ba 2022-000044Fecha: 12\/12\/22 Magistrada Ponente: CARMEN ENEIDA ALVES NAVASEn el juicio por desalojo y da\u00f1os materiales causados, incoado ante el Juzgado Primerode Primera Instancia en lo Civil, Mercantil y del Tr\u00e1nsito del Segundo Circuito de laCircunscripci\u00f3n Judicial del estado Portuguesa.Comentario: INEPTA ACUMULACI\u00d3N DE PRETENSIONES EN MATERIAARRENDATICIA. De esta [&hellip;]<\/p>\n","protected":false},"author":1,"featured_media":910,"comment_status":"open","ping_status":"closed","sticky":false,"template":"","format":"standard","meta":{"saved_in_kubio":false,"om_disable_all_campaigns":false,"_monsterinsights_skip_tracking":false,"_monsterinsights_sitenote_active":false,"_monsterinsights_sitenote_note":"","_monsterinsights_sitenote_category":0,"footnotes":""},"categories":[58],"tags":[15,36,59,8,48,7],"class_list":["post-909","post","type-post","status-publish","format-standard","has-post-thumbnail","hentry","category-jurisprudencia","tag-abogados","tag-defensa-privada","tag-jurisprudencia","tag-leyes","tag-manutencion","tag-venezuela"],"_links":{"self":[{"href":"https:\/\/abogadostovarmedina.com\/index.php\/wp-json\/wp\/v2\/posts\/909","targetHints":{"allow":["GET"]}}],"collection":[{"href":"https:\/\/abogadostovarmedina.com\/index.php\/wp-json\/wp\/v2\/posts"}],"about":[{"href":"https:\/\/abogadostovarmedina.com\/index.php\/wp-json\/wp\/v2\/types\/post"}],"author":[{"embeddable":true,"href":"https:\/\/abogadostovarmedina.com\/index.php\/wp-json\/wp\/v2\/users\/1"}],"replies":[{"embeddable":true,"href":"https:\/\/abogadostovarmedina.com\/index.php\/wp-json\/wp\/v2\/comments?post=909"}],"version-history":[{"count":1,"href":"https:\/\/abogadostovarmedina.com\/index.php\/wp-json\/wp\/v2\/posts\/909\/revisions"}],"predecessor-version":[{"id":911,"href":"https:\/\/abogadostovarmedina.com\/index.php\/wp-json\/wp\/v2\/posts\/909\/revisions\/911"}],"wp:featuredmedia":[{"embeddable":true,"href":"https:\/\/abogadostovarmedina.com\/index.php\/wp-json\/wp\/v2\/media\/910"}],"wp:attachment":[{"href":"https:\/\/abogadostovarmedina.com\/index.php\/wp-json\/wp\/v2\/media?parent=909"}],"wp:term":[{"taxonomy":"category","embeddable":true,"href":"https:\/\/abogadostovarmedina.com\/index.php\/wp-json\/wp\/v2\/categories?post=909"},{"taxonomy":"post_tag","embeddable":true,"href":"https:\/\/abogadostovarmedina.com\/index.php\/wp-json\/wp\/v2\/tags?post=909"}],"curies":[{"name":"wp","href":"https:\/\/api.w.org\/{rel}","templated":true}]}}