{"id":853,"date":"2023-11-30T10:07:12","date_gmt":"2023-11-30T14:07:12","guid":{"rendered":"https:\/\/abogadostovarmedina.com\/?p=853"},"modified":"2023-11-30T10:07:15","modified_gmt":"2023-11-30T14:07:15","slug":"la-posible-amenaza-de-desalojo-arrendaticio-por-whatsaap-aplicable-la-accion-de-amparo-constitucional","status":"publish","type":"post","link":"https:\/\/abogadostovarmedina.com\/index.php\/2023\/11\/30\/la-posible-amenaza-de-desalojo-arrendaticio-por-whatsaap-aplicable-la-accion-de-amparo-constitucional\/","title":{"rendered":"LA POSIBLE AMENAZA DE DESALOJO ARRENDATICIO POR WHATSAAP APLICABLE LA ACCI\u00d3N DE AMPARO CONSTITUCIONAL."},"content":{"rendered":"\n<p>El arrendador leg\u00edtimo tiene grandes abanicos de oportunidades al momento de hacer valer sus derechos; siempre y cuando, tenga un justo t\u00edtulo de arrendamiento que acredita su cualidad.<\/p>\n\n\n\n<p><br>Al principio del a\u00f1o 2022, cuando el Ejecutivo Nacional dej\u00f3 sin efecto los Decretos de diferimiento del pago del canon de arrendamiento y el desalojo sobre locales comerciales y vivienda principal. En ese momento, los arrendatarios que no cancelaron sus c\u00e1nones durante la \u00e9poca de pandemia, fueron sometidos por el arrendador como medio de presi\u00f3n que ten\u00edan que desocupar el bien inmueble por falta de pago, utilizando los medios de comunicaci\u00f3n electr\u00f3nicos y la mensajer\u00eda de Whatsaap con amenazas intimidatorias; con el fin, que el arrendatario desocupara de forma inmediata.<\/p>\n\n\n\n<p><br>En el caso de los arrendatarios, que reciben este mensaje v\u00eda whatsaap y decidan desocupar el bien inmueble de forma voluntaria e inmediata, debe levantar un acta con dos testigos para dejar constancia de las condiciones f\u00edsicas y tomar fotos del bien inmueble arrendado en presencia del arrendador, siendo obligatoria esa presencia, ya que de no estar presente, y el arrendatario decide llevarse las puertas, ventanas, posetas en otros, alegando que eso le corresponde por comprarlo con su propio peculio, dar\u00e1 derecho al arrendador a formular una denuncia ante el Ministerio Publico por Da\u00f1os a la Propiedad delito de tipo penal.<\/p>\n\n\n\n<p><br>En aquellos casos, donde el arrendatario no desocupa el bien inmueble a pesar de las amenazas recibidas por la mensajer\u00eda de Whatsaap, y decide accionar judicialmente ante un Tribunal de Primera Instancia de lo Civil por medio de la presente acci\u00f3n de amparo constitucional aut\u00f3noma por el posible desalojo consignando como medio probatorio las fijaciones fotogr\u00e1ficas de whatsaap o la mensajer\u00eda de su celular. Ante este escenario antijur\u00eddico, este medio recursivo extraordinario de acci\u00f3n de amparo constitucional es declarado inadmisible ya que no cumple con el art\u00edculo 6 de la Ley Org\u00e1nica de Amparo sobre Derechos y Garant\u00edas constitucionales ya que la posible amenaza del desalojo no opera la acci\u00f3n constitucional judicial, puesto que no se ha materializado el desalojo.<\/p>\n\n\n\n<p><br>Abg. Vestalia Rafaela Tovar Medina<br>Directora General de la Firma Jur\u00eddica.<br>S\u00edguenos en nuestras Redes sociales: @vestaliatovarm en la cta: Instagram, Linkedin, X, Spotify podcasts jur\u00eddico, @abogadostovarmedina en la cta de Facebook, suscr\u00edbete y haz clip en la campana de notificaciones del canal de YouTube en Vestalia y sus Apreciaciones Jur\u00eddicas, canal de Telegram Grupo de Capacitaci\u00f3n y Formaci\u00f3n Profesional integrado por 1475 participantes, Bolet\u00edn Jur\u00eddico Informativo de marketing, ingresa al Aula Virtual e ingresa a nuestra Columna Jur\u00eddica a la p\u00e1g. web https:\/\/2001online.com. Sean multiplicadores de nuestra p\u00e1g. Web y cont\u00e1ctanos \u201cSomos la Soluci\u00f3n Jur\u00eddica\u201d.<\/p>\n","protected":false},"excerpt":{"rendered":"<p>El arrendador leg\u00edtimo tiene grandes abanicos de oportunidades al momento de hacer valer sus derechos; siempre y cuando, tenga un justo t\u00edtulo de arrendamiento que acredita su cualidad. Al principio del a\u00f1o 2022, cuando el Ejecutivo Nacional dej\u00f3 sin efecto los Decretos de diferimiento del pago del canon de arrendamiento y el desalojo sobre locales [&hellip;]<\/p>\n","protected":false},"author":3,"featured_media":857,"comment_status":"open","ping_status":"closed","sticky":false,"template":"","format":"standard","meta":{"saved_in_kubio":false,"om_disable_all_campaigns":false,"_monsterinsights_skip_tracking":false,"_monsterinsights_sitenote_active":false,"_monsterinsights_sitenote_note":"","_monsterinsights_sitenote_category":0,"footnotes":""},"categories":[33],"tags":[42,36,43,45,7],"class_list":["post-853","post","type-post","status-publish","format-standard","has-post-thumbnail","hentry","category-blog-juridico","tag-alquileres","tag-defensa-privada","tag-desalojo","tag-proteccion","tag-venezuela"],"_links":{"self":[{"href":"https:\/\/abogadostovarmedina.com\/index.php\/wp-json\/wp\/v2\/posts\/853","targetHints":{"allow":["GET"]}}],"collection":[{"href":"https:\/\/abogadostovarmedina.com\/index.php\/wp-json\/wp\/v2\/posts"}],"about":[{"href":"https:\/\/abogadostovarmedina.com\/index.php\/wp-json\/wp\/v2\/types\/post"}],"author":[{"embeddable":true,"href":"https:\/\/abogadostovarmedina.com\/index.php\/wp-json\/wp\/v2\/users\/3"}],"replies":[{"embeddable":true,"href":"https:\/\/abogadostovarmedina.com\/index.php\/wp-json\/wp\/v2\/comments?post=853"}],"version-history":[{"count":3,"href":"https:\/\/abogadostovarmedina.com\/index.php\/wp-json\/wp\/v2\/posts\/853\/revisions"}],"predecessor-version":[{"id":856,"href":"https:\/\/abogadostovarmedina.com\/index.php\/wp-json\/wp\/v2\/posts\/853\/revisions\/856"}],"wp:featuredmedia":[{"embeddable":true,"href":"https:\/\/abogadostovarmedina.com\/index.php\/wp-json\/wp\/v2\/media\/857"}],"wp:attachment":[{"href":"https:\/\/abogadostovarmedina.com\/index.php\/wp-json\/wp\/v2\/media?parent=853"}],"wp:term":[{"taxonomy":"category","embeddable":true,"href":"https:\/\/abogadostovarmedina.com\/index.php\/wp-json\/wp\/v2\/categories?post=853"},{"taxonomy":"post_tag","embeddable":true,"href":"https:\/\/abogadostovarmedina.com\/index.php\/wp-json\/wp\/v2\/tags?post=853"}],"curies":[{"name":"wp","href":"https:\/\/api.w.org\/{rel}","templated":true}]}}