{"id":1277,"date":"2025-10-27T20:08:42","date_gmt":"2025-10-28T00:08:42","guid":{"rendered":"https:\/\/abogadostovarmedina.com\/?p=1277"},"modified":"2025-10-27T20:08:44","modified_gmt":"2025-10-28T00:08:44","slug":"extorsion-en-materia-arrendaticia-2","status":"publish","type":"post","link":"https:\/\/abogadostovarmedina.com\/index.php\/2025\/10\/27\/extorsion-en-materia-arrendaticia-2\/","title":{"rendered":"EXTORSI\u00d3N EN MATERIA ARRENDATICIA"},"content":{"rendered":"\n<p>Desde el a\u00f1o 2020 una vez decretada la pandemia el 22 de marzo de ese<br>mismo a\u00f1o, el Ejecutivo Nacional ordeno mediante Decreto el diferimiento del<br>pago de los c\u00e1nones de arrendamientos, aplicable a las personas que exist\u00edan una<br>relaci\u00f3n arrendaticia bajo la modalidad de contrato de arrendamiento en forma<br>expresa y verbal.<br>Este decreto fue ratificado cada seis (6) meses en el a\u00f1o 2021, donde su<br>contenido en l\u00edneas generales, se refieren a que tanto el arrendador como el<br>arrendatario deb\u00edan acordar las condiciones de pago en el tiempo y la forma de<br>pago pecuniaria o en especie.<br>Para principio del a\u00f1o 2022 el Ejecutivo dej\u00f3 sin efectos jur\u00eddicos los<br>referidos decretos, al punto que tanto el Sunavi que regula la materia arrendaticia<br>en los casos de vivienda principal y el Sundde regula los locales comerciales<br>arrendaticios extensibles a los Tribunales de Instancia, comenzaron a recibir los<br>reclamos para que se tramitara sus solicitudes de desalojos por falta de pago en<br>contra de los inquilinos que no ahorraran el compromiso pactado en contenido del<br>contrato de arrendamiento.<br>Ante este escenario antijur\u00eddico, tenemos conocimiento que al momento de<br>realizar el planteamiento al arrendatario que no cumpl\u00eda con el pago del canon de<br>arrendamiento sumado que ten\u00eda c\u00e1nones adeudados, al constituirse la mesa de<br>negociaciones el planteamiento se\u00f1alado era \u201c\u2026yo desocupo el bien inmueble,<br>pero me tienen que indemnizar\u201d, siendo este acto inaceptable, ya que el<br>arrendatario deudor no puede pretender que se reconozca una indemnizaci\u00f3n,<br>cuando quien ha ocasionado el da\u00f1o moral y material al arrendador \u2013propietario<br>es el inquilino, y quien tiene la facultad para solicitar los da\u00f1os y perjuicios<br>previstos en los art\u00edculos 1185 y 1196 del C\u00f3digo Civil es el arrendador, primero<br>por la falta de pago del canon, la indexaci\u00f3n, intereses moratorios, el retardo y la<br>desocupaci\u00f3n del bien inmueble.<br>Significa que cuando usted?, est\u00e1 bajo este escenario debe dirigirse al<br>Ministerio Publico para formular su denuncia por el delito de extorsi\u00f3n previsto y<br>sancionado en el art\u00edculo 16 de la Ley Contra Secuestro y Extorsi\u00f3n, ya que se<br>configura la intimidaci\u00f3n, la violencia y el chantaje, donde se obliga a una persona<br>a realizar acto o negocio il\u00edcito de car\u00e1cter patrimonial, siendo perfectamente<br>aplicable al presente caso bajo estudio.<br>En conclusi\u00f3n, en el caso del inquilino no es procedente solicitar al<br>arrendador una indemnizaci\u00f3n pecuniaria, puesto que no hay da\u00f1o que resarcir, al<\/p>\n\n\n\n<p>contrario, si hubo una falta de pago del canon es perjudicial para el patrimonio del<br>arrendador, seria quien solicitar\u00eda la indemnizaci\u00f3n.<\/p>\n\n\n\n<p>Abg. Vestalia Rafaela Tovar Medina<br>Directora General de la Firma Jur\u00eddica.<br>S\u00edguenos en nuestras Redes sociales: @vestaliatovarm en la cta: Instagram,<br>Linkedin, X, Spotify podcasts jur\u00eddico, @abogadostovarmedina en la cta de<br>Facebook, suscr\u00edbete y haz clip en la campana de notificaciones del canal de<br>YouTube en Vestalia y sus Apreciaciones Jur\u00eddicas, canal de Telegram Grupo de<br>Capacitaci\u00f3n y Formaci\u00f3n Profesional integrado por 1475 participantes, Bolet\u00edn<br>Jur\u00eddico Informativo de marketing, ingresa al Aula Virtual e ingresa a nuestra<br>Columna Jur\u00eddica a la p\u00e1g. web https:\/\/2001online.com. Sean multiplicadores de<br>nuestra p\u00e1g. Web y cont\u00e1ctanos \u201cSomos la Soluci\u00f3n Jur\u00eddica\u201d.<\/p>\n","protected":false},"excerpt":{"rendered":"<p>Desde el a\u00f1o 2020 una vez decretada la pandemia el 22 de marzo de esemismo a\u00f1o, el Ejecutivo Nacional ordeno mediante Decreto el diferimiento delpago de los c\u00e1nones de arrendamientos, aplicable a las personas que exist\u00edan unarelaci\u00f3n arrendaticia bajo la modalidad de contrato de arrendamiento en formaexpresa y verbal.Este decreto fue ratificado cada seis (6) [&hellip;]<\/p>\n","protected":false},"author":1,"featured_media":1278,"comment_status":"open","ping_status":"closed","sticky":false,"template":"","format":"standard","meta":{"saved_in_kubio":false,"om_disable_all_campaigns":false,"_monsterinsights_skip_tracking":false,"_monsterinsights_sitenote_active":false,"_monsterinsights_sitenote_note":"","_monsterinsights_sitenote_category":0,"footnotes":""},"categories":[1],"tags":[],"class_list":["post-1277","post","type-post","status-publish","format-standard","has-post-thumbnail","hentry","category-uncategorized"],"_links":{"self":[{"href":"https:\/\/abogadostovarmedina.com\/index.php\/wp-json\/wp\/v2\/posts\/1277","targetHints":{"allow":["GET"]}}],"collection":[{"href":"https:\/\/abogadostovarmedina.com\/index.php\/wp-json\/wp\/v2\/posts"}],"about":[{"href":"https:\/\/abogadostovarmedina.com\/index.php\/wp-json\/wp\/v2\/types\/post"}],"author":[{"embeddable":true,"href":"https:\/\/abogadostovarmedina.com\/index.php\/wp-json\/wp\/v2\/users\/1"}],"replies":[{"embeddable":true,"href":"https:\/\/abogadostovarmedina.com\/index.php\/wp-json\/wp\/v2\/comments?post=1277"}],"version-history":[{"count":1,"href":"https:\/\/abogadostovarmedina.com\/index.php\/wp-json\/wp\/v2\/posts\/1277\/revisions"}],"predecessor-version":[{"id":1279,"href":"https:\/\/abogadostovarmedina.com\/index.php\/wp-json\/wp\/v2\/posts\/1277\/revisions\/1279"}],"wp:featuredmedia":[{"embeddable":true,"href":"https:\/\/abogadostovarmedina.com\/index.php\/wp-json\/wp\/v2\/media\/1278"}],"wp:attachment":[{"href":"https:\/\/abogadostovarmedina.com\/index.php\/wp-json\/wp\/v2\/media?parent=1277"}],"wp:term":[{"taxonomy":"category","embeddable":true,"href":"https:\/\/abogadostovarmedina.com\/index.php\/wp-json\/wp\/v2\/categories?post=1277"},{"taxonomy":"post_tag","embeddable":true,"href":"https:\/\/abogadostovarmedina.com\/index.php\/wp-json\/wp\/v2\/tags?post=1277"}],"curies":[{"name":"wp","href":"https:\/\/api.w.org\/{rel}","templated":true}]}}